{"id":127,"date":"2011-10-03T15:13:50","date_gmt":"2011-10-03T15:13:50","guid":{"rendered":"http:\/\/www.aetarouca.pt\/polaris\/?p=127"},"modified":"2011-10-04T16:55:54","modified_gmt":"2011-10-04T16:55:54","slug":"omeletes-sem-ovos","status":"publish","type":"post","link":"https:\/\/www.aetarouca.pt\/polaris\/?p=127","title":{"rendered":"Omeletes Sem Ovos"},"content":{"rendered":"<p style=\"text-align: justify;\">Em maio passado foi anunciado neste blogue a cria\u00e7\u00e3o para breve de um N\u00facleo de Astronomia na nossa escola. Aguardava-se ent\u00e3o o financiamento, previsto, por parte de um \u00f3rg\u00e3o do Minist\u00e9rio da Educa\u00e7\u00e3o para a aquisi\u00e7\u00e3o de um telesc\u00f3pio, instrumento fundamental para uma iniciativa como esta. A crise econ\u00f3mica, e os cortes or\u00e7amentais dela decorrentes, levaram a que fosse cancelado o financiamento e estamos impossibilitados de adquirir o telesc\u00f3pio.<\/p>\n<p style=\"text-align: justify;\">Levantou-se ent\u00e3o a quest\u00e3o \u2013 valer\u00e1 a pena continuar com o prop\u00f3sito da cria\u00e7\u00e3o do N\u00facleo de Astronomia? A iniciativa na qual se inseria a cria\u00e7\u00e3o do n\u00facleo tinha como principal prop\u00f3sito a explora\u00e7\u00e3o das potencialidades das tecnologias de informa\u00e7\u00e3o de que as escolas foram providas. Por essa raz\u00e3o, e porque muito da Astronomia pode hoje em dia ser explorado a partir da internet, considerou-se que o N\u00facleo de Astronomia (que funcionar\u00e1 como um clube) deveria avan\u00e7ar.<\/p>\n<p style=\"text-align: justify;\">Brevemente ficar\u00e3o abertas as inscri\u00e7\u00f5es para o ingresso no N\u00facleo de Astronomia, sendo aqui feito o seu an\u00fancio. Requere-se apenas o gosto pela Astronomia e a possibilidade de participar em atividades que poder\u00e3o decorrer em hor\u00e1rio noturno.<\/p>\n<p style=\"text-align: justify;\">Este blogue \u00e9 direcionado para toda a comunidade escolar, divulgando not\u00edcias, curiosidades e fatos de Astronomia e de Ci\u00eancia em geral. Toda a comunidade escolar est\u00e1 convidada a o explorar, a dar sugest\u00f5es, a comentar os seus textos e a propor temas a abordar.<\/p>\n<p style=\"text-align: right;\"><em>(por Renato Ribeiro)<\/em><\/p>\n","protected":false},"excerpt":{"rendered":"<p>Em maio passado foi anunciado neste blogue a cria\u00e7\u00e3o para breve de um N\u00facleo de Astronomia na nossa escola. Aguardava-se ent\u00e3o o financiamento, previsto, por [&hellip;]<\/p>\n","protected":false},"author":1,"featured_media":0,"comment_status":"open","ping_status":"open","sticky":false,"template":"","format":"standard","meta":[],"categories":[17],"tags":[19,18],"_links":{"self":[{"href":"https:\/\/www.aetarouca.pt\/polaris\/index.php?rest_route=\/wp\/v2\/posts\/127"}],"collection":[{"href":"https:\/\/www.aetarouca.pt\/polaris\/index.php?rest_route=\/wp\/v2\/posts"}],"about":[{"href":"https:\/\/www.aetarouca.pt\/polaris\/index.php?rest_route=\/wp\/v2\/types\/post"}],"author":[{"embeddable":true,"href":"https:\/\/www.aetarouca.pt\/polaris\/index.php?rest_route=\/wp\/v2\/users\/1"}],"replies":[{"embeddable":true,"href":"https:\/\/www.aetarouca.pt\/polaris\/index.php?rest_route=%2Fwp%2Fv2%2Fcomments&post=127"}],"version-history":[{"count":4,"href":"https:\/\/www.aetarouca.pt\/polaris\/index.php?rest_route=\/wp\/v2\/posts\/127\/revisions"}],"predecessor-version":[{"id":130,"href":"https:\/\/www.aetarouca.pt\/polaris\/index.php?rest_route=\/wp\/v2\/posts\/127\/revisions\/130"}],"wp:attachment":[{"href":"https:\/\/www.aetarouca.pt\/polaris\/index.php?rest_route=%2Fwp%2Fv2%2Fmedia&parent=127"}],"wp:term":[{"taxonomy":"category","embeddable":true,"href":"https:\/\/www.aetarouca.pt\/polaris\/index.php?rest_route=%2Fwp%2Fv2%2Fcategories&post=127"},{"taxonomy":"post_tag","embeddable":true,"href":"https:\/\/www.aetarouca.pt\/polaris\/index.php?rest_route=%2Fwp%2Fv2%2Ftags&post=127"}],"curies":[{"name":"wp","href":"https:\/\/api.w.org\/{rel}","templated":true}]}}